{"id":2429,"date":"2023-08-02T11:38:31","date_gmt":"2023-08-02T09:38:31","guid":{"rendered":"https:\/\/motorshow.lu\/?p=2429"},"modified":"2023-08-31T11:57:06","modified_gmt":"2023-08-31T09:57:06","slug":"ims-luxemburg-2023-in-100-tagen-ist-es-soweit","status":"publish","type":"post","link":"https:\/\/motorshow.lu\/de\/fassung-2023\/ims-luxemburg-2023-in-100-tagen-ist-es-soweit\/","title":{"rendered":"<strong>IMS Luxemburg 2023, in 100 Tagen ist es soweit!<\/strong><strong><\/strong>"},"content":{"rendered":"\n<p>Die Endabrechnung hat begonnen&#8230; In genau 100 Tagen, d.h. am Freitag, den 10. November, \u00f6ffnen sich die Tore der LuxExpo f\u00fcr den Jahrgang 2023 der International Motor Show Luxembourg. An diesem Moment wird das Publikum sehen k\u00f6nnen, wie sehr die Veranstaltung Pole Position in eine neue \u00c4ra eingetreten ist, mit dem Ziel, Auto- und Motorradfans zu begeistern.<\/p>\n\n\n\n<p>Eine IMS Luxembourg, die die Leidenschaft mit allen Zeiten und Moden verbinden will. Prestige der Vergangenheit, Juwelen der Gegenwart, aber auch Entw\u00fcrfe f\u00fcr die Zukunft &#8211; es wird f\u00fcr jeden Geschmack etwas dabei sein, w\u00e4hrend die Welt des Rennsports auf zwei und vier R\u00e4dern wieder ihren Platz an der Spitze des Plakats einnimmt.<\/p>\n\n\n\n<p>Der Veranstalter arbeitet weiter an einem Programm, welches noch viele \u00dcberraschungen enthalten wird. 100 Tage vor Beginn der Feierlichkeiten gibt es bereits viele gute Gr\u00fcnde, einen Besuch der LuxExpo zu planen:<\/p>\n\n\n\n<ul class=\"wp-block-list\">\n<li><strong>75 Jahre Porsche, 60 Jahre 911er<\/strong><\/li>\n\n\n\n<li><strong>120 Jahre Harley Davidson<\/strong><\/li>\n\n\n\n<li><strong>Hervorhebung der Welt der Supersportwagen und Hypersportwagen<\/strong><\/li>\n\n\n\n<li><strong>Omnipr\u00e4senz von Mercedes-AMG, Alpine u.v.m<\/strong><\/li>\n\n\n\n<li><strong>Spektakul\u00e4re Animationen in den Hallen und im Freien<\/strong><\/li>\n\n\n\n<li><strong>Prestigetr\u00e4chtige G\u00e4ste<\/strong><\/li>\n<\/ul>\n\n\n\n<p>Neben einer umfangreichen und qualitativ hochwertigen Ausstellung will sich die International Motor Show Luxembourg als eigenst\u00e4ndige Veranstaltung etablieren, die den ultimativen Beweis f\u00fcr die Popularit\u00e4t der Welt der Autos und Motorr\u00e4der liefert.<\/p>\n\n\n\n<p>Und, sehen wir uns dort&nbsp;?<\/p>\n","protected":false},"excerpt":{"rendered":"<p>Die Endabrechnung hat begonnen&#8230; In genau 100 Tagen, d.h. am Freitag, den 10. November, \u00f6ffnen sich die Tore der LuxExpo [&hellip;]<\/p>\n","protected":false},"author":2,"featured_media":2244,"comment_status":"closed","ping_status":"open","sticky":false,"template":"","format":"standard","meta":{"_acf_changed":false,"footnotes":""},"categories":[52],"tags":[],"class_list":["post-2429","post","type-post","status-publish","format-standard","has-post-thumbnail","hentry","category-fassung-2023"],"acf":{"vhrs":false,"show_group":false},"yoast_head":"<!-- This site is optimized with the Yoast SEO plugin v27.5 - https:\/\/yoast.com\/product\/yoast-seo-wordpress\/ -->\n<title>IMS Luxemburg 2023, in 100 Tagen ist es soweit! - Motor Show<\/title>\n<meta name=\"robots\" content=\"index, follow, max-snippet:-1, max-image-preview:large, max-video-preview:-1\" \/>\n<link rel=\"canonical\" href=\"https:\/\/motorshow.lu\/de\/fassung-2023\/ims-luxemburg-2023-in-100-tagen-ist-es-soweit\/\" \/>\n<meta property=\"og:locale\" content=\"de_DE\" \/>\n<meta property=\"og:type\" content=\"article\" \/>\n<meta property=\"og:title\" content=\"IMS Luxemburg 2023, in 100 Tagen ist es soweit! - Motor Show\" \/>\n<meta property=\"og:description\" content=\"Die Endabrechnung hat begonnen&#8230; In genau 100 Tagen, d.h. am Freitag, den 10. November, \u00f6ffnen sich die Tore der LuxExpo [&hellip;]\" \/>\n<meta property=\"og:url\" content=\"https:\/\/motorshow.lu\/de\/fassung-2023\/ims-luxemburg-2023-in-100-tagen-ist-es-soweit\/\" \/>\n<meta property=\"og:site_name\" content=\"Motor Show\" \/>\n<meta property=\"article:published_time\" content=\"2023-08-02T09:38:31+00:00\" \/>\n<meta property=\"article:modified_time\" content=\"2023-08-31T09:57:06+00:00\" \/>\n<meta property=\"og:image\" content=\"https:\/\/motorshow.lu\/wp-content\/uploads\/sites\/2\/2021_DGSPORT_InternationalMotorShowLux_118.jpg\" \/>\n\t<meta property=\"og:image:width\" content=\"1920\" \/>\n\t<meta property=\"og:image:height\" content=\"1280\" \/>\n\t<meta property=\"og:image:type\" content=\"image\/jpeg\" \/>\n<meta name=\"author\" content=\"client\" \/>\n<meta name=\"twitter:card\" content=\"summary_large_image\" \/>\n<meta name=\"twitter:label1\" content=\"Verfasst von\" \/>\n\t<meta name=\"twitter:data1\" content=\"client\" \/>\n\t<meta name=\"twitter:label2\" content=\"Gesch\u00e4tzte Lesezeit\" \/>\n\t<meta name=\"twitter:data2\" content=\"2\u00a0Minuten\" \/>\n<script type=\"application\/ld+json\" class=\"yoast-schema-graph\">{\"@context\":\"https:\\\/\\\/schema.org\",\"@graph\":[{\"@type\":\"Article\",\"@id\":\"https:\\\/\\\/motorshow.lu\\\/de\\\/fassung-2023\\\/ims-luxemburg-2023-in-100-tagen-ist-es-soweit\\\/#article\",\"isPartOf\":{\"@id\":\"https:\\\/\\\/motorshow.lu\\\/de\\\/fassung-2023\\\/ims-luxemburg-2023-in-100-tagen-ist-es-soweit\\\/\"},\"author\":{\"name\":\"client\",\"@id\":\"https:\\\/\\\/motorshow.lu\\\/#\\\/schema\\\/person\\\/f869f197289e6a86361c833c1d0d95b5\"},\"headline\":\"IMS Luxemburg 2023, in 100 Tagen ist es soweit!\",\"datePublished\":\"2023-08-02T09:38:31+00:00\",\"dateModified\":\"2023-08-31T09:57:06+00:00\",\"mainEntityOfPage\":{\"@id\":\"https:\\\/\\\/motorshow.lu\\\/de\\\/fassung-2023\\\/ims-luxemburg-2023-in-100-tagen-ist-es-soweit\\\/\"},\"wordCount\":230,\"image\":{\"@id\":\"https:\\\/\\\/motorshow.lu\\\/de\\\/fassung-2023\\\/ims-luxemburg-2023-in-100-tagen-ist-es-soweit\\\/#primaryimage\"},\"thumbnailUrl\":\"https:\\\/\\\/motorshow.lu\\\/wp-content\\\/uploads\\\/sites\\\/2\\\/2021_DGSPORT_InternationalMotorShowLux_118.jpg\",\"articleSection\":[\"Fassung 2023\"],\"inLanguage\":\"de\"},{\"@type\":\"WebPage\",\"@id\":\"https:\\\/\\\/motorshow.lu\\\/de\\\/fassung-2023\\\/ims-luxemburg-2023-in-100-tagen-ist-es-soweit\\\/\",\"url\":\"https:\\\/\\\/motorshow.lu\\\/de\\\/fassung-2023\\\/ims-luxemburg-2023-in-100-tagen-ist-es-soweit\\\/\",\"name\":\"IMS Luxemburg 2023, in 100 Tagen ist es soweit! - Motor Show\",\"isPartOf\":{\"@id\":\"https:\\\/\\\/motorshow.lu\\\/#website\"},\"primaryImageOfPage\":{\"@id\":\"https:\\\/\\\/motorshow.lu\\\/de\\\/fassung-2023\\\/ims-luxemburg-2023-in-100-tagen-ist-es-soweit\\\/#primaryimage\"},\"image\":{\"@id\":\"https:\\\/\\\/motorshow.lu\\\/de\\\/fassung-2023\\\/ims-luxemburg-2023-in-100-tagen-ist-es-soweit\\\/#primaryimage\"},\"thumbnailUrl\":\"https:\\\/\\\/motorshow.lu\\\/wp-content\\\/uploads\\\/sites\\\/2\\\/2021_DGSPORT_InternationalMotorShowLux_118.jpg\",\"datePublished\":\"2023-08-02T09:38:31+00:00\",\"dateModified\":\"2023-08-31T09:57:06+00:00\",\"author\":{\"@id\":\"https:\\\/\\\/motorshow.lu\\\/#\\\/schema\\\/person\\\/f869f197289e6a86361c833c1d0d95b5\"},\"breadcrumb\":{\"@id\":\"https:\\\/\\\/motorshow.lu\\\/de\\\/fassung-2023\\\/ims-luxemburg-2023-in-100-tagen-ist-es-soweit\\\/#breadcrumb\"},\"inLanguage\":\"de\",\"potentialAction\":[{\"@type\":\"ReadAction\",\"target\":[\"https:\\\/\\\/motorshow.lu\\\/de\\\/fassung-2023\\\/ims-luxemburg-2023-in-100-tagen-ist-es-soweit\\\/\"]}]},{\"@type\":\"ImageObject\",\"inLanguage\":\"de\",\"@id\":\"https:\\\/\\\/motorshow.lu\\\/de\\\/fassung-2023\\\/ims-luxemburg-2023-in-100-tagen-ist-es-soweit\\\/#primaryimage\",\"url\":\"https:\\\/\\\/motorshow.lu\\\/wp-content\\\/uploads\\\/sites\\\/2\\\/2021_DGSPORT_InternationalMotorShowLux_118.jpg\",\"contentUrl\":\"https:\\\/\\\/motorshow.lu\\\/wp-content\\\/uploads\\\/sites\\\/2\\\/2021_DGSPORT_InternationalMotorShowLux_118.jpg\",\"width\":1920,\"height\":1280},{\"@type\":\"BreadcrumbList\",\"@id\":\"https:\\\/\\\/motorshow.lu\\\/de\\\/fassung-2023\\\/ims-luxemburg-2023-in-100-tagen-ist-es-soweit\\\/#breadcrumb\",\"itemListElement\":[{\"@type\":\"ListItem\",\"position\":1,\"name\":\"Accueil\",\"item\":\"https:\\\/\\\/motorshow.lu\\\/de\\\/\"},{\"@type\":\"ListItem\",\"position\":2,\"name\":\"IMS Luxemburg 2023, in 100 Tagen ist es soweit!\"}]},{\"@type\":\"WebSite\",\"@id\":\"https:\\\/\\\/motorshow.lu\\\/#website\",\"url\":\"https:\\\/\\\/motorshow.lu\\\/\",\"name\":\"Motor Show\",\"description\":\"Un site utilisant Les sites de DG Sport\",\"potentialAction\":[{\"@type\":\"SearchAction\",\"target\":{\"@type\":\"EntryPoint\",\"urlTemplate\":\"https:\\\/\\\/motorshow.lu\\\/?s={search_term_string}\"},\"query-input\":{\"@type\":\"PropertyValueSpecification\",\"valueRequired\":true,\"valueName\":\"search_term_string\"}}],\"inLanguage\":\"de\"},{\"@type\":\"Person\",\"@id\":\"https:\\\/\\\/motorshow.lu\\\/#\\\/schema\\\/person\\\/f869f197289e6a86361c833c1d0d95b5\",\"name\":\"client\",\"image\":{\"@type\":\"ImageObject\",\"inLanguage\":\"de\",\"@id\":\"https:\\\/\\\/secure.gravatar.com\\\/avatar\\\/d0de661745071daff296a69510a88dd6ff40167a4a7f4158f09a3680fab567f6?s=96&d=mm&r=g\",\"url\":\"https:\\\/\\\/secure.gravatar.com\\\/avatar\\\/d0de661745071daff296a69510a88dd6ff40167a4a7f4158f09a3680fab567f6?s=96&d=mm&r=g\",\"contentUrl\":\"https:\\\/\\\/secure.gravatar.com\\\/avatar\\\/d0de661745071daff296a69510a88dd6ff40167a4a7f4158f09a3680fab567f6?s=96&d=mm&r=g\",\"caption\":\"client\"}}]}<\/script>\n<!-- \/ Yoast SEO plugin. -->","yoast_head_json":{"title":"IMS Luxemburg 2023, in 100 Tagen ist es soweit! - Motor Show","robots":{"index":"index","follow":"follow","max-snippet":"max-snippet:-1","max-image-preview":"max-image-preview:large","max-video-preview":"max-video-preview:-1"},"canonical":"https:\/\/motorshow.lu\/de\/fassung-2023\/ims-luxemburg-2023-in-100-tagen-ist-es-soweit\/","og_locale":"de_DE","og_type":"article","og_title":"IMS Luxemburg 2023, in 100 Tagen ist es soweit! - Motor Show","og_description":"Die Endabrechnung hat begonnen&#8230; In genau 100 Tagen, d.h. am Freitag, den 10. November, \u00f6ffnen sich die Tore der LuxExpo [&hellip;]","og_url":"https:\/\/motorshow.lu\/de\/fassung-2023\/ims-luxemburg-2023-in-100-tagen-ist-es-soweit\/","og_site_name":"Motor Show","article_published_time":"2023-08-02T09:38:31+00:00","article_modified_time":"2023-08-31T09:57:06+00:00","og_image":[{"width":1920,"height":1280,"url":"https:\/\/motorshow.lu\/wp-content\/uploads\/sites\/2\/2021_DGSPORT_InternationalMotorShowLux_118.jpg","type":"image\/jpeg"}],"author":"client","twitter_card":"summary_large_image","twitter_misc":{"Verfasst von":"client","Gesch\u00e4tzte Lesezeit":"2\u00a0Minuten"},"schema":{"@context":"https:\/\/schema.org","@graph":[{"@type":"Article","@id":"https:\/\/motorshow.lu\/de\/fassung-2023\/ims-luxemburg-2023-in-100-tagen-ist-es-soweit\/#article","isPartOf":{"@id":"https:\/\/motorshow.lu\/de\/fassung-2023\/ims-luxemburg-2023-in-100-tagen-ist-es-soweit\/"},"author":{"name":"client","@id":"https:\/\/motorshow.lu\/#\/schema\/person\/f869f197289e6a86361c833c1d0d95b5"},"headline":"IMS Luxemburg 2023, in 100 Tagen ist es soweit!","datePublished":"2023-08-02T09:38:31+00:00","dateModified":"2023-08-31T09:57:06+00:00","mainEntityOfPage":{"@id":"https:\/\/motorshow.lu\/de\/fassung-2023\/ims-luxemburg-2023-in-100-tagen-ist-es-soweit\/"},"wordCount":230,"image":{"@id":"https:\/\/motorshow.lu\/de\/fassung-2023\/ims-luxemburg-2023-in-100-tagen-ist-es-soweit\/#primaryimage"},"thumbnailUrl":"https:\/\/motorshow.lu\/wp-content\/uploads\/sites\/2\/2021_DGSPORT_InternationalMotorShowLux_118.jpg","articleSection":["Fassung 2023"],"inLanguage":"de"},{"@type":"WebPage","@id":"https:\/\/motorshow.lu\/de\/fassung-2023\/ims-luxemburg-2023-in-100-tagen-ist-es-soweit\/","url":"https:\/\/motorshow.lu\/de\/fassung-2023\/ims-luxemburg-2023-in-100-tagen-ist-es-soweit\/","name":"IMS Luxemburg 2023, in 100 Tagen ist es soweit! - Motor Show","isPartOf":{"@id":"https:\/\/motorshow.lu\/#website"},"primaryImageOfPage":{"@id":"https:\/\/motorshow.lu\/de\/fassung-2023\/ims-luxemburg-2023-in-100-tagen-ist-es-soweit\/#primaryimage"},"image":{"@id":"https:\/\/motorshow.lu\/de\/fassung-2023\/ims-luxemburg-2023-in-100-tagen-ist-es-soweit\/#primaryimage"},"thumbnailUrl":"https:\/\/motorshow.lu\/wp-content\/uploads\/sites\/2\/2021_DGSPORT_InternationalMotorShowLux_118.jpg","datePublished":"2023-08-02T09:38:31+00:00","dateModified":"2023-08-31T09:57:06+00:00","author":{"@id":"https:\/\/motorshow.lu\/#\/schema\/person\/f869f197289e6a86361c833c1d0d95b5"},"breadcrumb":{"@id":"https:\/\/motorshow.lu\/de\/fassung-2023\/ims-luxemburg-2023-in-100-tagen-ist-es-soweit\/#breadcrumb"},"inLanguage":"de","potentialAction":[{"@type":"ReadAction","target":["https:\/\/motorshow.lu\/de\/fassung-2023\/ims-luxemburg-2023-in-100-tagen-ist-es-soweit\/"]}]},{"@type":"ImageObject","inLanguage":"de","@id":"https:\/\/motorshow.lu\/de\/fassung-2023\/ims-luxemburg-2023-in-100-tagen-ist-es-soweit\/#primaryimage","url":"https:\/\/motorshow.lu\/wp-content\/uploads\/sites\/2\/2021_DGSPORT_InternationalMotorShowLux_118.jpg","contentUrl":"https:\/\/motorshow.lu\/wp-content\/uploads\/sites\/2\/2021_DGSPORT_InternationalMotorShowLux_118.jpg","width":1920,"height":1280},{"@type":"BreadcrumbList","@id":"https:\/\/motorshow.lu\/de\/fassung-2023\/ims-luxemburg-2023-in-100-tagen-ist-es-soweit\/#breadcrumb","itemListElement":[{"@type":"ListItem","position":1,"name":"Accueil","item":"https:\/\/motorshow.lu\/de\/"},{"@type":"ListItem","position":2,"name":"IMS Luxemburg 2023, in 100 Tagen ist es soweit!"}]},{"@type":"WebSite","@id":"https:\/\/motorshow.lu\/#website","url":"https:\/\/motorshow.lu\/","name":"Motor Show","description":"Un site utilisant Les sites de DG Sport","potentialAction":[{"@type":"SearchAction","target":{"@type":"EntryPoint","urlTemplate":"https:\/\/motorshow.lu\/?s={search_term_string}"},"query-input":{"@type":"PropertyValueSpecification","valueRequired":true,"valueName":"search_term_string"}}],"inLanguage":"de"},{"@type":"Person","@id":"https:\/\/motorshow.lu\/#\/schema\/person\/f869f197289e6a86361c833c1d0d95b5","name":"client","image":{"@type":"ImageObject","inLanguage":"de","@id":"https:\/\/secure.gravatar.com\/avatar\/d0de661745071daff296a69510a88dd6ff40167a4a7f4158f09a3680fab567f6?s=96&d=mm&r=g","url":"https:\/\/secure.gravatar.com\/avatar\/d0de661745071daff296a69510a88dd6ff40167a4a7f4158f09a3680fab567f6?s=96&d=mm&r=g","contentUrl":"https:\/\/secure.gravatar.com\/avatar\/d0de661745071daff296a69510a88dd6ff40167a4a7f4158f09a3680fab567f6?s=96&d=mm&r=g","caption":"client"}}]}},"_links":{"self":[{"href":"https:\/\/motorshow.lu\/de\/wp-json\/wp\/v2\/posts\/2429","targetHints":{"allow":["GET"]}}],"collection":[{"href":"https:\/\/motorshow.lu\/de\/wp-json\/wp\/v2\/posts"}],"about":[{"href":"https:\/\/motorshow.lu\/de\/wp-json\/wp\/v2\/types\/post"}],"author":[{"embeddable":true,"href":"https:\/\/motorshow.lu\/de\/wp-json\/wp\/v2\/users\/2"}],"replies":[{"embeddable":true,"href":"https:\/\/motorshow.lu\/de\/wp-json\/wp\/v2\/comments?post=2429"}],"version-history":[{"count":0,"href":"https:\/\/motorshow.lu\/de\/wp-json\/wp\/v2\/posts\/2429\/revisions"}],"wp:featuredmedia":[{"embeddable":true,"href":"https:\/\/motorshow.lu\/de\/wp-json\/wp\/v2\/media\/2244"}],"wp:attachment":[{"href":"https:\/\/motorshow.lu\/de\/wp-json\/wp\/v2\/media?parent=2429"}],"wp:term":[{"taxonomy":"category","embeddable":true,"href":"https:\/\/motorshow.lu\/de\/wp-json\/wp\/v2\/categories?post=2429"},{"taxonomy":"post_tag","embeddable":true,"href":"https:\/\/motorshow.lu\/de\/wp-json\/wp\/v2\/tags?post=2429"}],"curies":[{"name":"wp","href":"https:\/\/api.w.org\/{rel}","templated":true}]}}